{"id":7436,"date":"2021-04-27T16:22:38","date_gmt":"2021-04-27T19:22:38","guid":{"rendered":"http:\/\/www.elipso.com.ar\/concejo\/?p=1925"},"modified":"2025-02-24T15:40:57","modified_gmt":"2025-02-24T18:40:57","slug":"orden-del-dia-29-04-2021","status":"publish","type":"post","link":"https:\/\/concejobellville.gob.ar\/wp\/orden-del-dia-29-04-2021\/","title":{"rendered":"Orden del d\u00eda 29\/04\/2021"},"content":{"rendered":"\n<p>ORDEN DEL D\u00cdA DE LA <strong>SESI\u00d3N ORDINARIA<\/strong>, PARA EL D\u00cdA JUEVES 29 DE ABRIL DEL A\u00d1O DOS MIL VEINTIUNO A LAS VEINTE HORAS (20:00 HS.), EN LA SEDE DEL CONCEJO DELIBERANTE, SITA EN CALLE SARMIENTO N\u00ba 14 P.A.<\/p>\n\n\n\n<ol class=\"wp-block-list\"><li>Lectura y consideraci\u00f3n del acta de la sesi\u00f3n ordinaria del d\u00eda 22\/04\/2021.<\/li><li><strong>PROYECTO DE <strong>RESOLUCI\u00d3N<\/strong>: DECLARAR<\/strong> de <strong>INTERES LEGISLATIVO CULTURAL<\/strong> al evento titulado \u201cCTALAMOCHITA REMANSO QUE BAILA\u201d, organizado por el conjunto folcl\u00f3rico \u201cRAZA GUITARRERA\u201d, a realizarse el d\u00eda 1 de mayo a las 21hs en la sala Tau Cervantes. PRESENTADO POR LA CONCEJAL MARIA JOSE GANUZA DEL BLOQUE UNI\u00d3N CIVICA RADICAL, EL D\u00cdA 22\/04\/2021, BAJO EL N\u00b0 3227\/2021.<\/li><li><strong>PROYECTO DE RESOLUCI\u00d3N:<\/strong> DECLARAR DE INTERES LEGISLATIVO EL LIBRO \u201cM\u00c1S DE 100 A\u00d1OS DE PASION Y FE\u201d del Pastor Roberto Re. PRESENTADO POR LA CONCEJAL GLADYS FUCILI DEL BLOQUE UNI\u00d3N CIVICA RADICAL, EL D\u00cdA 27\/04\/2021 BAJO EL N\u00b0 3232\/2021.-<\/li><li><strong>PROYECTO DE ORDENANZA: ESTABLEZCASE<\/strong> LAS TARIFAS DE REMIS. PRESENTADO POR EL CONCEJAL EMILIANO YANCHUC DEL BLOQUE UNI\u00d3N CIVICA RADICAL, EL D\u00cdA 27\/04\/2021, BAJO EL N\u00b0 3231\/2021.<\/li><li><strong>PROYECTO DE ORDENANZA: DECLARASE<\/strong> \u201cVecino Destacado de la Ciudad de Bell Ville\u201d, al Se\u00f1or Juan Carlos LICARI. Presentado por el Concejo en Pleno) el d\u00eda 26\/04\/2021, bajo el N\u00b0 3230\/2021. <strong>(TRATADO SOBRE TABLAS)<\/strong>.<\/li><\/ol>\n\n\n\n<hr class=\"wp-block-separator\"\/>\n\n\n<div class=\"su-row\"><div class=\"su-column su-column-size-1-2\"><div class=\"su-column-inner su-u-clearfix su-u-trim\">Dra. Florencia RAMELLO<br \/>\nSecretaria&nbsp; Concejo Deliberante Ciudad de Bell Ville<\/div><\/div><div class=\"su-column su-column-size-1-2\"><div class=\"su-column-inner su-u-clearfix su-u-trim\">Dr. Ernesto R. GAVIER<br \/>\nPresidente Concejo Deliberante Ciudad de Bell Ville<\/div><\/div><\/div>\n","protected":false},"excerpt":{"rendered":"<p>ORDEN DEL D\u00cdA DE LA SESI\u00d3N ORDINARIA, PARA EL D\u00cdA JUEVES 29 DE ABRIL DEL A\u00d1O DOS MIL VEINTIUNO A LAS VEINTE HORAS (20:00 HS.), EN LA SEDE DEL CONCEJO DELIBERANTE, SITA EN CALLE SARMIENTO N\u00ba 14 P.A. Lectura y consideraci\u00f3n del acta de la sesi\u00f3n ordinaria del d\u00eda 22\/04\/2021. PROYECTO DE RESOLUCI\u00d3N: DECLARAR de [&hellip;]<\/p>\n","protected":false},"author":1,"featured_media":6846,"comment_status":"closed","ping_status":"open","sticky":false,"template":"","format":"standard","meta":{"give_campaign_id":0,"footnotes":""},"categories":[95,96],"tags":[],"class_list":["post-7436","post","type-post","status-publish","format-standard","has-post-thumbnail","hentry","category-noticias","category-orden-del-dia"],"_links":{"self":[{"href":"https:\/\/concejobellville.gob.ar\/wp\/wp-json\/wp\/v2\/posts\/7436","targetHints":{"allow":["GET"]}}],"collection":[{"href":"https:\/\/concejobellville.gob.ar\/wp\/wp-json\/wp\/v2\/posts"}],"about":[{"href":"https:\/\/concejobellville.gob.ar\/wp\/wp-json\/wp\/v2\/types\/post"}],"author":[{"embeddable":true,"href":"https:\/\/concejobellville.gob.ar\/wp\/wp-json\/wp\/v2\/users\/1"}],"replies":[{"embeddable":true,"href":"https:\/\/concejobellville.gob.ar\/wp\/wp-json\/wp\/v2\/comments?post=7436"}],"version-history":[{"count":1,"href":"https:\/\/concejobellville.gob.ar\/wp\/wp-json\/wp\/v2\/posts\/7436\/revisions"}],"predecessor-version":[{"id":7498,"href":"https:\/\/concejobellville.gob.ar\/wp\/wp-json\/wp\/v2\/posts\/7436\/revisions\/7498"}],"wp:featuredmedia":[{"embeddable":true,"href":"https:\/\/concejobellville.gob.ar\/wp\/wp-json\/wp\/v2\/media\/6846"}],"wp:attachment":[{"href":"https:\/\/concejobellville.gob.ar\/wp\/wp-json\/wp\/v2\/media?parent=7436"}],"wp:term":[{"taxonomy":"category","embeddable":true,"href":"https:\/\/concejobellville.gob.ar\/wp\/wp-json\/wp\/v2\/categories?post=7436"},{"taxonomy":"post_tag","embeddable":true,"href":"https:\/\/concejobellville.gob.ar\/wp\/wp-json\/wp\/v2\/tags?post=7436"}],"curies":[{"name":"wp","href":"https:\/\/api.w.org\/{rel}","templated":true}]}}